{"id":532,"date":"2011-01-21T14:45:28","date_gmt":"2011-01-21T14:45:28","guid":{"rendered":"http:\/\/cdu-buir.de\/?p=532"},"modified":"2017-12-30T12:43:24","modified_gmt":"2017-12-30T12:43:24","slug":"nutzung-altes-schulgelaende-buir","status":"publish","type":"post","link":"https:\/\/cdu-buir.de\/?p=532","title":{"rendered":"Nutzung altes Schulgel\u00e4nde Buir"},"content":{"rendered":"<p>Sehr geehrte Frau B\u00fcrgermeisterin,<\/p>\n<p>schon seit f\u00fcnf Jahren dr\u00e4ngt die CDU und insbesondere die Buirer Stadtverordnete Hedi Reintgen-Cremer auf eine Nachfolgenutzung der alten Turnhalle und des Gel\u00e4ndes der alten Grundschule. Mitte 2008 hatte das Planungsamt auf Antrag der CDU erste Planungsskizzen vorgestellt und die Verwaltung beauftragt, Gespr\u00e4che mit m\u00f6glichen Investoren zu suchen.<\/p>\n<p>Nach Auffassung der CDU bietet sich dieses Gel\u00e4nde \u2013 auch auf Grund der N\u00e4he zum St. Josef-Haus \u2013 \u00a0 \u00a0 f\u00fcr seniorengerechte, barrierefreie Wohnungen oder f\u00fcr generations\u00fcbergreifendes Wohnen an. Bei der Umsetzung sollten auch der d\u00f6rfliche Charakter und der alte Baumbestand erhalten bleiben.<\/p>\n<p>Mittlerweile verf\u00e4llt die alte Turnhalle zunehmend, ohne dass eine neue Planung in Angriff genommen wird. Die CDU-Fraktion m\u00f6chte daher im n\u00e4chsten Ausschuss f\u00fcr Stadtplanung und Verkehr wissen, was die Verwaltung in den letzten Jahren zur Vermarktung des Grundst\u00fcckes getan hat. Wie viele Investoren wurden angesprochen? Wurde das Gel\u00e4nde im Internet oder anderswo aktiv angeboten? Welche Vorstellungen hatten m\u00f6gliche Investoren bis jetzt? Woran scheiterte es bislang, dass sich noch nichts getan hat?<\/p>\n<p>Die CDU-Fraktion bittet um die Vorlage eine Vermarktungskonzeptes. Denkbar ist unseres Erachtens auch, dass die GEV evtl. das Gel\u00e4nde vermarktet oder sogar selbst entwickelt. Nicht nur im Hinblick auf den Verfall der Turnhalle, sondern auch im Hinblick auf den Bedarf seniorengerechter Wohnungen ist es wichtig, dass dieses Projekt mit Nachdruck angegangen wird.<\/p>\n<p>Freundliche Gr\u00fc\u00dfe<\/p>\n<p>Klaus Ripp<br \/>\n-Fraktionsvorsitzender-<\/p>\n<p>21.01.2011<\/p>\n","protected":false},"excerpt":{"rendered":"<p>Sehr geehrte Frau B\u00fcrgermeisterin, schon seit f\u00fcnf Jahren dr\u00e4ngt die CDU und insbesondere die Buirer Stadtverordnete Hedi Reintgen-Cremer auf eine Nachfolgenutzung der alten Turnhalle und des Gel\u00e4ndes der alten Grundschule. Mitte 2008 hatte das Planungsamt auf Antrag der CDU erste Planungsskizzen vorgestellt und die Verwaltung beauftragt, Gespr\u00e4che mit m\u00f6glichen Investoren zu suchen. Nach Auffassung der [&hellip;]<\/p>\n","protected":false},"author":1,"featured_media":0,"comment_status":"closed","ping_status":"closed","sticky":false,"template":"","format":"standard","meta":{"footnotes":""},"categories":[27],"tags":[],"class_list":["post-532","post","type-post","status-publish","format-standard","hentry","category-antraege-kat"],"_links":{"self":[{"href":"https:\/\/cdu-buir.de\/index.php?rest_route=\/wp\/v2\/posts\/532","targetHints":{"allow":["GET"]}}],"collection":[{"href":"https:\/\/cdu-buir.de\/index.php?rest_route=\/wp\/v2\/posts"}],"about":[{"href":"https:\/\/cdu-buir.de\/index.php?rest_route=\/wp\/v2\/types\/post"}],"author":[{"embeddable":true,"href":"https:\/\/cdu-buir.de\/index.php?rest_route=\/wp\/v2\/users\/1"}],"replies":[{"embeddable":true,"href":"https:\/\/cdu-buir.de\/index.php?rest_route=%2Fwp%2Fv2%2Fcomments&post=532"}],"version-history":[{"count":1,"href":"https:\/\/cdu-buir.de\/index.php?rest_route=\/wp\/v2\/posts\/532\/revisions"}],"predecessor-version":[{"id":1080,"href":"https:\/\/cdu-buir.de\/index.php?rest_route=\/wp\/v2\/posts\/532\/revisions\/1080"}],"wp:attachment":[{"href":"https:\/\/cdu-buir.de\/index.php?rest_route=%2Fwp%2Fv2%2Fmedia&parent=532"}],"wp:term":[{"taxonomy":"category","embeddable":true,"href":"https:\/\/cdu-buir.de\/index.php?rest_route=%2Fwp%2Fv2%2Fcategories&post=532"},{"taxonomy":"post_tag","embeddable":true,"href":"https:\/\/cdu-buir.de\/index.php?rest_route=%2Fwp%2Fv2%2Ftags&post=532"}],"curies":[{"name":"wp","href":"https:\/\/api.w.org\/{rel}","templated":true}]}}