{"id":1936,"date":"2021-10-20T15:03:47","date_gmt":"2021-10-20T15:03:47","guid":{"rendered":"https:\/\/cdu-buir.de\/?p=1936"},"modified":"2021-10-20T15:03:49","modified_gmt":"2021-10-20T15:03:49","slug":"sperrung-kreuzung-buir-mitte","status":"publish","type":"post","link":"https:\/\/cdu-buir.de\/?p=1936","title":{"rendered":"Sperrung Kreuzung Buir Mitte"},"content":{"rendered":"\n<p>In der Zeit vom 25.10.2021 &#8211; 12.11.2021 wird der Kreuzungsbereich Manheimer Stra\u00dfe \/ Kirchenstra\u00dfe \/ Talstra\u00dfe und Steinweg gesperrt. Diese Sperrung ist notwendig, um die Sch\u00e4den an der Fahrbahn zu beheben. Es handelt sich hierbei um einen Bergschaden. Dieser wird seitens RWE in Abstimmung mit dem Landesbetrieb Stra\u00dfen NRW saniert. Er wird durch den lange bekannten Buirer Sprung verursacht. Es muss nicht nur die Deckschicht saniert werden, auch der Unterbau muss erneuert werden. Es wird also bis in ca. 80 cm Tiefe gearbeitet.<\/p>\n\n\n\n<p>Leider kommt es durch diese Ma\u00dfnahme zu Beeintr\u00e4chtigungen der Anwohner. Die Anfahrt von Rettungsfahrzeugen ist w\u00e4hren der gesamten Bauphase sichergestellt. <\/p>\n\n\n\n<p>Auch die Buslinien werden von den Bauma\u00dfnahmen betroffen sein.<br>Folgende Planungen sind aktuell vorgesehen:<\/p>\n\n\n\n<p><strong>Linien 276 \/ 217 \/ SB15<\/strong><br>Umleitung \u00fcber Talstra\u00dfe \u2013 li. Broicherstra\u00dfe &#8211; re. Golzheimer Stra\u00dfe \u2013 re. Merzenicher Stra\u00dfe \u2013 Huppelrather Stra\u00dfe \u2013 li. Bahnstra\u00dfe und weiter im Linienverlauf. Neben den Ersatzhaltestellen in der Broichstra\u00dfe 2 (Ersatz f\u00fcr Buir-Post, alle Linien) werden weitere (als Ersatz f\u00fcr Buir-Kirche) in der Bahnstra\u00dfe auf H\u00f6he der Tankstelle f\u00fcr die Linien 276 \/ 217 \/ SB15 eingerichtet.<\/p>\n\n\n\n<p><strong>Linie 933<\/strong><br>F\u00fcr die Haltestelle Buir Post, Flei\u00dfstra\u00dfe und Zum Schlichshof wird in der Broichstra\u00dfe 2 eine Ersatzhaltestelle eingerichtet.<\/p>\n\n\n\n<figure class=\"wp-block-image size-full\"><img loading=\"lazy\" decoding=\"async\" width=\"764\" height=\"325\" src=\"https:\/\/cdu-buir.de\/wp-content\/uploads\/2021\/10\/Buir-Post-Ersatz.jpg\" alt=\"\" class=\"wp-image-1938\" srcset=\"https:\/\/cdu-buir.de\/wp-content\/uploads\/2021\/10\/Buir-Post-Ersatz.jpg 764w, https:\/\/cdu-buir.de\/wp-content\/uploads\/2021\/10\/Buir-Post-Ersatz-300x128.jpg 300w\" sizes=\"auto, (max-width: 764px) 100vw, 764px\" \/><\/figure>\n\n\n\n<p><strong>Linie 976<\/strong><br>Die Haltestelle Flei\u00dfstra\u00dfe entf\u00e4llt Ersatzlos.<\/p>\n\n\n\n<figure class=\"wp-block-image size-large\"><img loading=\"lazy\" decoding=\"async\" width=\"1024\" height=\"499\" src=\"https:\/\/cdu-buir.de\/wp-content\/uploads\/2021\/10\/Buir-Post-Ersatz2-1024x499.jpg\" alt=\"\" class=\"wp-image-1939\" srcset=\"https:\/\/cdu-buir.de\/wp-content\/uploads\/2021\/10\/Buir-Post-Ersatz2-1024x499.jpg 1024w, https:\/\/cdu-buir.de\/wp-content\/uploads\/2021\/10\/Buir-Post-Ersatz2-300x146.jpg 300w, https:\/\/cdu-buir.de\/wp-content\/uploads\/2021\/10\/Buir-Post-Ersatz2-768x375.jpg 768w, https:\/\/cdu-buir.de\/wp-content\/uploads\/2021\/10\/Buir-Post-Ersatz2-1536x749.jpg 1536w, https:\/\/cdu-buir.de\/wp-content\/uploads\/2021\/10\/Buir-Post-Ersatz2.jpg 1714w\" sizes=\"auto, (max-width: 1024px) 100vw, 1024px\" \/><\/figure>\n","protected":false},"excerpt":{"rendered":"<p>In der Zeit vom 25.10.2021 &#8211; 12.11.2021 wird der Kreuzungsbereich Manheimer Stra\u00dfe \/ Kirchenstra\u00dfe \/ Talstra\u00dfe und Steinweg gesperrt. Diese Sperrung ist notwendig, um die Sch\u00e4den an der Fahrbahn zu beheben. Es handelt sich hierbei um einen Bergschaden. Dieser wird seitens RWE in Abstimmung mit dem Landesbetrieb Stra\u00dfen NRW saniert. Er wird durch den lange [&hellip;]<\/p>\n","protected":false},"author":1,"featured_media":1937,"comment_status":"closed","ping_status":"closed","sticky":false,"template":"","format":"standard","meta":{"footnotes":""},"categories":[26,11],"tags":[],"class_list":["post-1936","post","type-post","status-publish","format-standard","has-post-thumbnail","hentry","category-news-kat","category-newsslider"],"_links":{"self":[{"href":"https:\/\/cdu-buir.de\/index.php?rest_route=\/wp\/v2\/posts\/1936","targetHints":{"allow":["GET"]}}],"collection":[{"href":"https:\/\/cdu-buir.de\/index.php?rest_route=\/wp\/v2\/posts"}],"about":[{"href":"https:\/\/cdu-buir.de\/index.php?rest_route=\/wp\/v2\/types\/post"}],"author":[{"embeddable":true,"href":"https:\/\/cdu-buir.de\/index.php?rest_route=\/wp\/v2\/users\/1"}],"replies":[{"embeddable":true,"href":"https:\/\/cdu-buir.de\/index.php?rest_route=%2Fwp%2Fv2%2Fcomments&post=1936"}],"version-history":[{"count":1,"href":"https:\/\/cdu-buir.de\/index.php?rest_route=\/wp\/v2\/posts\/1936\/revisions"}],"predecessor-version":[{"id":1940,"href":"https:\/\/cdu-buir.de\/index.php?rest_route=\/wp\/v2\/posts\/1936\/revisions\/1940"}],"wp:featuredmedia":[{"embeddable":true,"href":"https:\/\/cdu-buir.de\/index.php?rest_route=\/wp\/v2\/media\/1937"}],"wp:attachment":[{"href":"https:\/\/cdu-buir.de\/index.php?rest_route=%2Fwp%2Fv2%2Fmedia&parent=1936"}],"wp:term":[{"taxonomy":"category","embeddable":true,"href":"https:\/\/cdu-buir.de\/index.php?rest_route=%2Fwp%2Fv2%2Fcategories&post=1936"},{"taxonomy":"post_tag","embeddable":true,"href":"https:\/\/cdu-buir.de\/index.php?rest_route=%2Fwp%2Fv2%2Ftags&post=1936"}],"curies":[{"name":"wp","href":"https:\/\/api.w.org\/{rel}","templated":true}]}}