{"id":1276,"date":"2018-06-11T19:26:33","date_gmt":"2018-06-11T19:26:33","guid":{"rendered":"http:\/\/cdu-buir.de\/?p=1276"},"modified":"2018-06-11T19:34:41","modified_gmt":"2018-06-11T19:34:41","slug":"sachstand-alte-grundschule-buir-neubau-kindergarten-und-seniorengerechtes-wohnen","status":"publish","type":"post","link":"https:\/\/cdu-buir.de\/?p=1276","title":{"rendered":"Sachstand Alte Grundschule Buir \u2013 Neubau Kindergarten und seniorengerechtes Wohnen"},"content":{"rendered":"<p>Sehr geehrter Herr B\u00fcrgermeister,<\/p>\n<p>erfreulicherweise konnte jetzt eine weitere Kindergartengruppe in Buir in Betrieb genommen werden. Allen beteiligten Stellen ein Dankesch\u00f6n f\u00fcr ihren Einsatz, denn der Erweiterungsbau ist sehr gut geworden und so konnte das aktuelle Versorgungsdefizit in Buir behoben werden.<\/p>\n<p>F\u00fcr die weitere Entwicklung reicht das Angebot an Kindergartenpl\u00e4tzen in Buir aber nicht aus, da aktuell neue Bebauungspl\u00e4ne anstehen und auch die Nutzung des Kindergartens in Manheim-alt aufgegeben werden muss.<\/p>\n<p>Bereits vor einem Jahr hat der Ausschuss f\u00fcr Stadtplanung und Verkehr einstimmig beschlossen, dass auf dem Gel\u00e4nde der alten Grundschule ein 4-gruppiger Kindergarten in Kombination mit seniorengerechtem Wohnen gebaut werden soll. Aus Sicht der CDU eine ideale Kombination im Zentrum von Buir.<\/p>\n<p>Der 1. Beigeordnete ist meinem Wissen nach in Erfolg versprechenden Gespr\u00e4chen, um diese Planung zu realisieren.<\/p>\n<p>Die CDU-Fraktion bittet im n\u00e4chsten Jugendhilfeausschuss am 28.06.2018 um einen aktuellen Sachstandsbericht und um Darstellung, wie das weitere Vorgehen geplant ist.<\/p>\n<p>Freundliche Gr\u00fc\u00dfe<\/p>\n<p>gez. Klaus Ripp<\/p>\n<p>(Vorsitzender)<\/p>\n<p>07.06.2018<\/p>\n<p class=\"title\"><a href=\"https:\/\/cdu-buir.de\/?p=662\"><strong>Entwicklung alte Schule mit KITA<\/strong><\/a><\/p>\n","protected":false},"excerpt":{"rendered":"<p>Sehr geehrter Herr B\u00fcrgermeister, erfreulicherweise konnte jetzt eine weitere Kindergartengruppe in Buir in Betrieb genommen werden. Allen beteiligten Stellen ein Dankesch\u00f6n f\u00fcr ihren Einsatz, denn der Erweiterungsbau ist sehr gut geworden und so konnte das aktuelle Versorgungsdefizit in Buir behoben werden. F\u00fcr die weitere Entwicklung reicht das Angebot an Kindergartenpl\u00e4tzen in Buir aber nicht aus, [&hellip;]<\/p>\n","protected":false},"author":1,"featured_media":1277,"comment_status":"closed","ping_status":"closed","sticky":false,"template":"","format":"standard","meta":{"footnotes":""},"categories":[26,11],"tags":[],"class_list":["post-1276","post","type-post","status-publish","format-standard","has-post-thumbnail","hentry","category-news-kat","category-newsslider"],"_links":{"self":[{"href":"https:\/\/cdu-buir.de\/index.php?rest_route=\/wp\/v2\/posts\/1276","targetHints":{"allow":["GET"]}}],"collection":[{"href":"https:\/\/cdu-buir.de\/index.php?rest_route=\/wp\/v2\/posts"}],"about":[{"href":"https:\/\/cdu-buir.de\/index.php?rest_route=\/wp\/v2\/types\/post"}],"author":[{"embeddable":true,"href":"https:\/\/cdu-buir.de\/index.php?rest_route=\/wp\/v2\/users\/1"}],"replies":[{"embeddable":true,"href":"https:\/\/cdu-buir.de\/index.php?rest_route=%2Fwp%2Fv2%2Fcomments&post=1276"}],"version-history":[{"count":6,"href":"https:\/\/cdu-buir.de\/index.php?rest_route=\/wp\/v2\/posts\/1276\/revisions"}],"predecessor-version":[{"id":1307,"href":"https:\/\/cdu-buir.de\/index.php?rest_route=\/wp\/v2\/posts\/1276\/revisions\/1307"}],"wp:featuredmedia":[{"embeddable":true,"href":"https:\/\/cdu-buir.de\/index.php?rest_route=\/wp\/v2\/media\/1277"}],"wp:attachment":[{"href":"https:\/\/cdu-buir.de\/index.php?rest_route=%2Fwp%2Fv2%2Fmedia&parent=1276"}],"wp:term":[{"taxonomy":"category","embeddable":true,"href":"https:\/\/cdu-buir.de\/index.php?rest_route=%2Fwp%2Fv2%2Fcategories&post=1276"},{"taxonomy":"post_tag","embeddable":true,"href":"https:\/\/cdu-buir.de\/index.php?rest_route=%2Fwp%2Fv2%2Ftags&post=1276"}],"curies":[{"name":"wp","href":"https:\/\/api.w.org\/{rel}","templated":true}]}}